{"id":1386,"date":"2023-06-14T12:36:01","date_gmt":"2023-06-14T10:36:01","guid":{"rendered":"https:\/\/linz-hotel.at\/chambre-simple\/"},"modified":"2024-02-04T11:56:04","modified_gmt":"2024-02-04T10:56:04","slug":"chambre-simple","status":"publish","type":"post","link":"https:\/\/linz-hotel.at\/fr\/chambre-simple\/","title":{"rendered":"Chambre simple"},"content":{"rendered":"\t\t<div data-elementor-type=\"wp-post\" data-elementor-id=\"1386\" class=\"elementor elementor-1386 elementor-297\">\n\t\t\t\t\t\t<section class=\"elementor-section elementor-top-section elementor-element elementor-element-bf9aa42 elementor-section-boxed elementor-section-height-default elementor-section-height-default\" data-id=\"bf9aa42\" data-element_type=\"section\">\n\t\t\t\t\t\t<div class=\"elementor-container elementor-column-gap-default\">\n\t\t\t\t\t<div class=\"elementor-column elementor-col-100 elementor-top-column elementor-element elementor-element-498f826\" data-id=\"498f826\" data-element_type=\"column\">\n\t\t\t<div class=\"elementor-widget-wrap elementor-element-populated\">\n\t\t\t\t\t\t<div class=\"elementor-element elementor-element-eefcfe6 elementor-widget elementor-widget-heading\" data-id=\"eefcfe6\" data-element_type=\"widget\" data-widget_type=\"heading.default\">\n\t\t\t\t<div class=\"elementor-widget-container\">\n\t\t\t\t\t<h1 class=\"elementor-heading-title elementor-size-default\">Votre chambre individuelle \u00e0 Linz<\/h1>\t\t\t\t<\/div>\n\t\t\t\t<\/div>\n\t\t\t\t<div class=\"elementor-element elementor-element-a0c5ca5 elementor-widget elementor-widget-text-editor\" data-id=\"a0c5ca5\" data-element_type=\"widget\" data-widget_type=\"text-editor.default\">\n\t\t\t\t<div class=\"elementor-widget-container\">\n\t\t\t\t\t\t\t\t\t<h3>Business ou d\u00e9contract\u00e9 ?<\/h3>\n<p>Nos chambres sont parfaites pour un s\u00e9jour d&rsquo;affaires ou de d\u00e9tente. Profitez de lits confortables, d&rsquo;une douche ou d&rsquo;une baignoire, d&rsquo;un bureau, d&rsquo;une t\u00e9l\u00e9vision \u00e0 \u00e9cran plat et d&rsquo;une connexion Internet haut d\u00e9bit.<\/p>\n\t\t\t\t\t\t\t\t<\/div>\n\t\t\t\t<\/div>\n\t\t\t\t<div class=\"elementor-element elementor-element-06794a9 elementor-align-left elementor-widget elementor-widget-button\" data-id=\"06794a9\" data-element_type=\"widget\" data-widget_type=\"button.default\">\n\t\t\t\t<div class=\"elementor-widget-container\">\n\t\t\t\t\t\t\t\t\t<div class=\"elementor-button-wrapper\">\n\t\t\t\t\t<a class=\"elementor-button elementor-button-link elementor-size-xl\" href=\"https:\/\/linz-hotel.at\/fr\/?page_id=1391\">\n\t\t\t\t\t\t<span class=\"elementor-button-content-wrapper\">\n\t\t\t\t\t\t\t\t\t<span class=\"elementor-button-text\">R\u00c9SERVEZ MAINTENANT<\/span>\n\t\t\t\t\t<\/span>\n\t\t\t\t\t<\/a>\n\t\t\t\t<\/div>\n\t\t\t\t\t\t\t\t<\/div>\n\t\t\t\t<\/div>\n\t\t\t\t<div class=\"elementor-element elementor-element-e2f73eb uael-img-grid__column-3 uael-img-grid-tablet__column-3 uael-img-grid-mobile__column-2 uael-ins-normal elementor-widget elementor-widget-uael-image-gallery\" data-id=\"e2f73eb\" data-element_type=\"widget\" data-settings=\"{&quot;gallery_columns&quot;:&quot;3&quot;,&quot;gallery_columns_tablet&quot;:&quot;3&quot;,&quot;gallery_columns_mobile&quot;:&quot;2&quot;,&quot;column_gap&quot;:{&quot;unit&quot;:&quot;px&quot;,&quot;size&quot;:20,&quot;sizes&quot;:[]},&quot;column_gap_tablet&quot;:{&quot;unit&quot;:&quot;px&quot;,&quot;size&quot;:&quot;&quot;,&quot;sizes&quot;:[]},&quot;column_gap_mobile&quot;:{&quot;unit&quot;:&quot;px&quot;,&quot;size&quot;:&quot;&quot;,&quot;sizes&quot;:[]},&quot;row_gap&quot;:{&quot;unit&quot;:&quot;px&quot;,&quot;size&quot;:20,&quot;sizes&quot;:[]},&quot;row_gap_tablet&quot;:{&quot;unit&quot;:&quot;px&quot;,&quot;size&quot;:&quot;&quot;,&quot;sizes&quot;:[]},&quot;row_gap_mobile&quot;:{&quot;unit&quot;:&quot;px&quot;,&quot;size&quot;:&quot;&quot;,&quot;sizes&quot;:[]}}\" data-widget_type=\"uael-image-gallery.default\">\n\t\t\t\t<div class=\"elementor-widget-container\">\n\t\t\t\t\t<div class=\"uael-gallery-parent uael-caption- uael-gallery-unjustified\"><div class=\"uael-img-gallery-wrap uael-img-masonry-wrap uael-img-grid-masonry-wrap uael-masonry\" data-filter-default=\"All\"><div class=\"uael-grid-item  uael-img-gallery-item-1\"><div class=\"uael-grid-item-content\"><figure class=\"uael-grid-img uael-grid-gallery-img uael-ins-hover elementor-clickable\"><div class=\"uael-grid-img-thumbnail uael-ins-target\"><img fetchpriority=\"high\" decoding=\"async\" width=\"782\" height=\"768\" src=\"https:\/\/linz-hotel.at\/wp-content\/uploads\/hotel-schwarzer-baer-linz-einzelzimmer-1.jpg\" class=\"attachment-full size-full wp-image-499\" alt=\"\" srcset=\"https:\/\/linz-hotel.at\/wp-content\/uploads\/hotel-schwarzer-baer-linz-einzelzimmer-1.jpg 782w, https:\/\/linz-hotel.at\/wp-content\/uploads\/hotel-schwarzer-baer-linz-einzelzimmer-1-300x295.jpg 300w, https:\/\/linz-hotel.at\/wp-content\/uploads\/hotel-schwarzer-baer-linz-einzelzimmer-1-768x754.jpg 768w\" sizes=\"(max-width: 782px) 100vw, 782px\" \/><\/div><div class=\"uael-grid-img-overlay\"><\/div><\/figure><\/div><\/div><div class=\"uael-grid-item  uael-img-gallery-item-2\"><div class=\"uael-grid-item-content\"><figure class=\"uael-grid-img uael-grid-gallery-img uael-ins-hover elementor-clickable\"><div class=\"uael-grid-img-thumbnail uael-ins-target\"><img decoding=\"async\" width=\"512\" height=\"768\" src=\"https:\/\/linz-hotel.at\/wp-content\/uploads\/hotel-schwarzer-baer-linz-badezimmer-1.jpg\" class=\"attachment-full size-full wp-image-498\" alt=\"\" srcset=\"https:\/\/linz-hotel.at\/wp-content\/uploads\/hotel-schwarzer-baer-linz-badezimmer-1.jpg 512w, https:\/\/linz-hotel.at\/wp-content\/uploads\/hotel-schwarzer-baer-linz-badezimmer-1-200x300.jpg 200w\" sizes=\"(max-width: 512px) 100vw, 512px\" \/><\/div><div class=\"uael-grid-img-overlay\"><\/div><\/figure><\/div><\/div><div class=\"uael-grid-item  uael-img-gallery-item-3\"><div class=\"uael-grid-item-content\"><figure class=\"uael-grid-img uael-grid-gallery-img uael-ins-hover elementor-clickable\"><div class=\"uael-grid-img-thumbnail uael-ins-target\"><img decoding=\"async\" width=\"1024\" height=\"683\" src=\"https:\/\/linz-hotel.at\/wp-content\/uploads\/hotel-schwarzer-baer-linz-einzelzimmer-2.jpg\" class=\"attachment-full size-full wp-image-500\" alt=\"\" srcset=\"https:\/\/linz-hotel.at\/wp-content\/uploads\/hotel-schwarzer-baer-linz-einzelzimmer-2.jpg 1024w, https:\/\/linz-hotel.at\/wp-content\/uploads\/hotel-schwarzer-baer-linz-einzelzimmer-2-300x200.jpg 300w, https:\/\/linz-hotel.at\/wp-content\/uploads\/hotel-schwarzer-baer-linz-einzelzimmer-2-768x512.jpg 768w\" sizes=\"(max-width: 1024px) 100vw, 1024px\" \/><\/div><div class=\"uael-grid-img-overlay\"><\/div><\/figure><\/div><\/div><div class=\"uael-grid-item  uael-img-gallery-item-4\"><div class=\"uael-grid-item-content\"><figure class=\"uael-grid-img uael-grid-gallery-img uael-ins-hover elementor-clickable\"><div class=\"uael-grid-img-thumbnail uael-ins-target\"><img loading=\"lazy\" decoding=\"async\" width=\"1024\" height=\"683\" src=\"https:\/\/linz-hotel.at\/wp-content\/uploads\/hotel-schwarzer-baer-linz-schreibtisch-2.jpg\" class=\"attachment-full size-full wp-image-502\" alt=\"\" srcset=\"https:\/\/linz-hotel.at\/wp-content\/uploads\/hotel-schwarzer-baer-linz-schreibtisch-2.jpg 1024w, https:\/\/linz-hotel.at\/wp-content\/uploads\/hotel-schwarzer-baer-linz-schreibtisch-2-300x200.jpg 300w, https:\/\/linz-hotel.at\/wp-content\/uploads\/hotel-schwarzer-baer-linz-schreibtisch-2-768x512.jpg 768w\" sizes=\"(max-width: 1024px) 100vw, 1024px\" \/><\/div><div class=\"uael-grid-img-overlay\"><\/div><\/figure><\/div><\/div><div class=\"uael-grid-item  uael-img-gallery-item-5\"><div class=\"uael-grid-item-content\"><figure class=\"uael-grid-img uael-grid-gallery-img uael-ins-hover elementor-clickable\"><div class=\"uael-grid-img-thumbnail uael-ins-target\"><img loading=\"lazy\" decoding=\"async\" width=\"1024\" height=\"683\" src=\"https:\/\/linz-hotel.at\/wp-content\/uploads\/hotel-schwarzer-baer-linz-einzelzimmer-3.jpg\" class=\"attachment-full size-full wp-image-501\" alt=\"\" srcset=\"https:\/\/linz-hotel.at\/wp-content\/uploads\/hotel-schwarzer-baer-linz-einzelzimmer-3.jpg 1024w, https:\/\/linz-hotel.at\/wp-content\/uploads\/hotel-schwarzer-baer-linz-einzelzimmer-3-300x200.jpg 300w, https:\/\/linz-hotel.at\/wp-content\/uploads\/hotel-schwarzer-baer-linz-einzelzimmer-3-768x512.jpg 768w\" sizes=\"(max-width: 1024px) 100vw, 1024px\" \/><\/div><div class=\"uael-grid-img-overlay\"><\/div><\/figure><\/div><\/div><div class=\"uael-grid-item  uael-img-gallery-item-6\"><div class=\"uael-grid-item-content\"><figure class=\"uael-grid-img uael-grid-gallery-img uael-ins-hover elementor-clickable\"><div class=\"uael-grid-img-thumbnail uael-ins-target\"><img loading=\"lazy\" decoding=\"async\" width=\"1024\" height=\"683\" src=\"https:\/\/linz-hotel.at\/wp-content\/uploads\/hotel-schwarzer-baer-linz-schreibtisch-4.jpg\" class=\"attachment-full size-full wp-image-503\" alt=\"\" srcset=\"https:\/\/linz-hotel.at\/wp-content\/uploads\/hotel-schwarzer-baer-linz-schreibtisch-4.jpg 1024w, https:\/\/linz-hotel.at\/wp-content\/uploads\/hotel-schwarzer-baer-linz-schreibtisch-4-300x200.jpg 300w, https:\/\/linz-hotel.at\/wp-content\/uploads\/hotel-schwarzer-baer-linz-schreibtisch-4-768x512.jpg 768w\" sizes=\"(max-width: 1024px) 100vw, 1024px\" \/><\/div><div class=\"uael-grid-img-overlay\"><\/div><\/figure><\/div><\/div><\/div><\/div>\t\t\t\t<\/div>\n\t\t\t\t<\/div>\n\t\t\t\t\t<\/div>\n\t\t<\/div>\n\t\t\t\t\t<\/div>\n\t\t<\/section>\n\t\t\t\t<section class=\"elementor-section elementor-top-section elementor-element elementor-element-60a491d elementor-section-stretched elementor-section-boxed elementor-section-height-default elementor-section-height-default\" data-id=\"60a491d\" data-element_type=\"section\" data-settings=\"{&quot;background_background&quot;:&quot;classic&quot;,&quot;stretch_section&quot;:&quot;section-stretched&quot;}\">\n\t\t\t\t\t\t<div class=\"elementor-container elementor-column-gap-default\">\n\t\t\t\t\t<div class=\"elementor-column elementor-col-100 elementor-top-column elementor-element elementor-element-4ac098c\" data-id=\"4ac098c\" data-element_type=\"column\">\n\t\t\t<div class=\"elementor-widget-wrap elementor-element-populated\">\n\t\t\t\t\t\t<div class=\"elementor-element elementor-element-2eea5c7 elementor-widget elementor-widget-text-editor\" data-id=\"2eea5c7\" data-element_type=\"widget\" data-widget_type=\"text-editor.default\">\n\t\t\t\t<div class=\"elementor-widget-container\">\n\t\t\t\t\t\t\t\t\t<h2>Des chambres pour se sentir bien !<\/h2>\n<p>L&rsquo;h\u00f4tel Schwarzer B\u00e4r dispose de 36 chambres doubles, douze chambres simples et deux suites qui ont \u00e9t\u00e9 r\u00e9nov\u00e9es en 2008 &amp; 2016. Elles sont modernes &amp; confortables et \u00e9quip\u00e9es de balcons c\u00f4t\u00e9 cour. Une atmosph\u00e8re particuli\u00e8re dans laquelle nos h\u00f4tes peuvent se reposer et se sentir \u00e0 l&rsquo;aise. Selon vos pr\u00e9f\u00e9rences, vous pouvez choisir entre nos chambres \u00e0 th\u00e8me spacieuses, nos chambres standard B\u00e4r avec douche\/bain\/WC, t\u00e9l\u00e9vision par c\u00e2ble et t\u00e9l\u00e9phone ou nos chambres XL avec beaucoup de place pour se d\u00e9tendre. Pour les gourmands, nous recommandons l&rsquo;une de nos suites &#8211; elles sont une exp\u00e9rience particuli\u00e8re !<br \/>Avec votre ordinateur portable, vous pouvez bien s\u00fbr utiliser notre acc\u00e8s gratuit \u00e0 Internet (WLAN) dans toutes les chambres ainsi que dans les suites.<\/p>\n\t\t\t\t\t\t\t\t<\/div>\n\t\t\t\t<\/div>\n\t\t\t\t\t<\/div>\n\t\t<\/div>\n\t\t\t\t\t<\/div>\n\t\t<\/section>\n\t\t\t\t<\/div>\n\t\t","protected":false},"excerpt":{"rendered":"<p>Votre chambre individuelle \u00e0 Linz Business ou d\u00e9contract\u00e9 ? Nos chambres sont parfaites pour un s\u00e9jour d&rsquo;affaires ou de d\u00e9tente. Profitez de lits confortables, d&rsquo;une douche ou d&rsquo;une baignoire, d&rsquo;un bureau, d&rsquo;une t\u00e9l\u00e9vision \u00e0 \u00e9cran plat et d&rsquo;une connexion Internet haut d\u00e9bit. R\u00c9SERVEZ MAINTENANT Des chambres pour se sentir bien ! L&rsquo;h\u00f4tel Schwarzer B\u00e4r dispose [&hellip;]<\/p>\n","protected":false},"author":1,"featured_media":1388,"comment_status":"closed","ping_status":"open","sticky":false,"template":"","format":"standard","meta":{"site-sidebar-layout":"default","site-content-layout":"","ast-site-content-layout":"default","site-content-style":"default","site-sidebar-style":"default","ast-global-header-display":"","ast-banner-title-visibility":"","ast-main-header-display":"","ast-hfb-above-header-display":"","ast-hfb-below-header-display":"","ast-hfb-mobile-header-display":"","site-post-title":"","ast-breadcrumbs-content":"","ast-featured-img":"","footer-sml-layout":"","theme-transparent-header-meta":"disabled","adv-header-id-meta":"","stick-header-meta":"","header-above-stick-meta":"","header-main-stick-meta":"","header-below-stick-meta":"","astra-migrate-meta-layouts":"default","ast-page-background-enabled":"default","ast-page-background-meta":{"desktop":{"background-color":"var(--ast-global-color-4)","background-image":"","background-repeat":"repeat","background-position":"center center","background-size":"auto","background-attachment":"scroll","background-type":"","background-media":"","overlay-type":"","overlay-color":"","overlay-opacity":"","overlay-gradient":""},"tablet":{"background-color":"","background-image":"","background-repeat":"repeat","background-position":"center center","background-size":"auto","background-attachment":"scroll","background-type":"","background-media":"","overlay-type":"","overlay-color":"","overlay-opacity":"","overlay-gradient":""},"mobile":{"background-color":"","background-image":"","background-repeat":"repeat","background-position":"center center","background-size":"auto","background-attachment":"scroll","background-type":"","background-media":"","overlay-type":"","overlay-color":"","overlay-opacity":"","overlay-gradient":""}},"ast-content-background-meta":{"desktop":{"background-color":"var(--ast-global-color-5)","background-image":"","background-repeat":"repeat","background-position":"center center","background-size":"auto","background-attachment":"scroll","background-type":"","background-media":"","overlay-type":"","overlay-color":"","overlay-opacity":"","overlay-gradient":""},"tablet":{"background-color":"var(--ast-global-color-5)","background-image":"","background-repeat":"repeat","background-position":"center center","background-size":"auto","background-attachment":"scroll","background-type":"","background-media":"","overlay-type":"","overlay-color":"","overlay-opacity":"","overlay-gradient":""},"mobile":{"background-color":"var(--ast-global-color-5)","background-image":"","background-repeat":"repeat","background-position":"center center","background-size":"auto","background-attachment":"scroll","background-type":"","background-media":"","overlay-type":"","overlay-color":"","overlay-opacity":"","overlay-gradient":""}},"footnotes":""},"categories":[74],"tags":[],"class_list":["post-1386","post","type-post","status-publish","format-standard","has-post-thumbnail","hentry","category-chambre"],"yoast_head":"<!-- This site is optimized with the Yoast SEO plugin v25.9 - https:\/\/yoast.com\/wordpress\/plugins\/seo\/ -->\n<title>R\u00e9server une chambre individuelle \u00e0 Linz \u00e0 l&#039;h\u00f4tel Schwarzer B\u00e4r<\/title>\n<meta name=\"description\" content=\"Nos chambres individuelles disposent de \ud83d\udebf douches, de t\u00e9l\u00e9viseurs \u00e0 \u00e9cran plat, de bureaux, d&#039;un \ud83d\udcf6 WLAN gratuit et d&#039;une atmosph\u00e8re qui invite \u00e0 la d\u00e9tente.\" \/>\n<meta name=\"robots\" content=\"index, follow, max-snippet:-1, max-image-preview:large, max-video-preview:-1\" \/>\n<link rel=\"canonical\" href=\"https:\/\/linz-hotel.at\/fr\/chambre-simple\/\" \/>\n<meta property=\"og:locale\" content=\"fr_FR\" \/>\n<meta property=\"og:type\" content=\"article\" \/>\n<meta property=\"og:title\" content=\"R\u00e9server une chambre individuelle \u00e0 Linz \u00e0 l&#039;h\u00f4tel Schwarzer B\u00e4r\" \/>\n<meta property=\"og:description\" content=\"Nos chambres individuelles disposent de \ud83d\udebf douches, de t\u00e9l\u00e9viseurs \u00e0 \u00e9cran plat, de bureaux, d&#039;un \ud83d\udcf6 WLAN gratuit et d&#039;une atmosph\u00e8re qui invite \u00e0 la d\u00e9tente.\" \/>\n<meta property=\"og:url\" content=\"https:\/\/linz-hotel.at\/fr\/chambre-simple\/\" \/>\n<meta property=\"og:site_name\" content=\"Hotel Schwarzer B\u00e4r Linz\" \/>\n<meta property=\"article:publisher\" content=\"https:\/\/www.facebook.com\/schwarzerbaer\" \/>\n<meta property=\"article:published_time\" content=\"2023-06-14T10:36:01+00:00\" \/>\n<meta property=\"article:modified_time\" content=\"2024-02-04T10:56:04+00:00\" \/>\n<meta property=\"og:image\" content=\"https:\/\/linz-hotel.at\/wp-content\/uploads\/hotel-schwarzer-baer-linz-einzelzimmer-1.jpg\" \/>\n\t<meta property=\"og:image:width\" content=\"782\" \/>\n\t<meta property=\"og:image:height\" content=\"768\" \/>\n\t<meta property=\"og:image:type\" content=\"image\/jpeg\" \/>\n<meta name=\"author\" content=\"roland\" \/>\n<meta name=\"twitter:card\" content=\"summary_large_image\" \/>\n<meta name=\"twitter:label1\" content=\"\u00c9crit par\" \/>\n\t<meta name=\"twitter:data1\" content=\"roland\" \/>\n\t<meta name=\"twitter:label2\" content=\"Dur\u00e9e de lecture estim\u00e9e\" \/>\n\t<meta name=\"twitter:data2\" content=\"1 minute\" \/>\n<script type=\"application\/ld+json\" class=\"yoast-schema-graph\">{\"@context\":\"https:\/\/schema.org\",\"@graph\":[{\"@type\":\"WebPage\",\"@id\":\"https:\/\/linz-hotel.at\/fr\/chambre-simple\/\",\"url\":\"https:\/\/linz-hotel.at\/fr\/chambre-simple\/\",\"name\":\"R\u00e9server une chambre individuelle \u00e0 Linz \u00e0 l'h\u00f4tel Schwarzer B\u00e4r\",\"isPartOf\":{\"@id\":\"https:\/\/linz-hotel.at\/fr\/#website\"},\"primaryImageOfPage\":{\"@id\":\"https:\/\/linz-hotel.at\/fr\/chambre-simple\/#primaryimage\"},\"image\":{\"@id\":\"https:\/\/linz-hotel.at\/fr\/chambre-simple\/#primaryimage\"},\"thumbnailUrl\":\"https:\/\/linz-hotel.at\/wp-content\/uploads\/hotel-schwarzer-baer-linz-einzelzimmer-1.jpg\",\"datePublished\":\"2023-06-14T10:36:01+00:00\",\"dateModified\":\"2024-02-04T10:56:04+00:00\",\"author\":{\"@id\":\"https:\/\/linz-hotel.at\/fr\/#\/schema\/person\/58c2446109589a84f6e6c7631f403619\"},\"description\":\"Nos chambres individuelles disposent de \ud83d\udebf douches, de t\u00e9l\u00e9viseurs \u00e0 \u00e9cran plat, de bureaux, d'un \ud83d\udcf6 WLAN gratuit et d'une atmosph\u00e8re qui invite \u00e0 la d\u00e9tente.\",\"breadcrumb\":{\"@id\":\"https:\/\/linz-hotel.at\/fr\/chambre-simple\/#breadcrumb\"},\"inLanguage\":\"fr-FR\",\"potentialAction\":[{\"@type\":\"ReadAction\",\"target\":[\"https:\/\/linz-hotel.at\/fr\/chambre-simple\/\"]}]},{\"@type\":\"ImageObject\",\"inLanguage\":\"fr-FR\",\"@id\":\"https:\/\/linz-hotel.at\/fr\/chambre-simple\/#primaryimage\",\"url\":\"https:\/\/linz-hotel.at\/wp-content\/uploads\/hotel-schwarzer-baer-linz-einzelzimmer-1.jpg\",\"contentUrl\":\"https:\/\/linz-hotel.at\/wp-content\/uploads\/hotel-schwarzer-baer-linz-einzelzimmer-1.jpg\",\"width\":782,\"height\":768},{\"@type\":\"BreadcrumbList\",\"@id\":\"https:\/\/linz-hotel.at\/fr\/chambre-simple\/#breadcrumb\",\"itemListElement\":[{\"@type\":\"ListItem\",\"position\":1,\"name\":\"Startseite\",\"item\":\"https:\/\/linz-hotel.at\/fr\/\"},{\"@type\":\"ListItem\",\"position\":2,\"name\":\"Chambre simple\"}]},{\"@type\":\"WebSite\",\"@id\":\"https:\/\/linz-hotel.at\/fr\/#website\",\"url\":\"https:\/\/linz-hotel.at\/fr\/\",\"name\":\"Hotel Schwarzer B\u00e4r Linz\",\"description\":\"Hotel Schwarzer B\u00e4r Linz\",\"potentialAction\":[{\"@type\":\"SearchAction\",\"target\":{\"@type\":\"EntryPoint\",\"urlTemplate\":\"https:\/\/linz-hotel.at\/fr\/?s={search_term_string}\"},\"query-input\":{\"@type\":\"PropertyValueSpecification\",\"valueRequired\":true,\"valueName\":\"search_term_string\"}}],\"inLanguage\":\"fr-FR\"},{\"@type\":\"Person\",\"@id\":\"https:\/\/linz-hotel.at\/fr\/#\/schema\/person\/58c2446109589a84f6e6c7631f403619\",\"name\":\"roland\",\"image\":{\"@type\":\"ImageObject\",\"inLanguage\":\"fr-FR\",\"@id\":\"https:\/\/linz-hotel.at\/fr\/#\/schema\/person\/image\/\",\"url\":\"https:\/\/secure.gravatar.com\/avatar\/5d1d955f9f427baf1dfdedf650e7189c733a05ba12735dcf25f3d75e505da8d4?s=96&d=mm&r=g\",\"contentUrl\":\"https:\/\/secure.gravatar.com\/avatar\/5d1d955f9f427baf1dfdedf650e7189c733a05ba12735dcf25f3d75e505da8d4?s=96&d=mm&r=g\",\"caption\":\"roland\"},\"sameAs\":[\"https:\/\/linz-hotel.at\"],\"url\":\"https:\/\/linz-hotel.at\/fr\/author\/roland\/\"}]}<\/script>\n<!-- \/ Yoast SEO plugin. -->","yoast_head_json":{"title":"R\u00e9server une chambre individuelle \u00e0 Linz \u00e0 l'h\u00f4tel Schwarzer B\u00e4r","description":"Nos chambres individuelles disposent de \ud83d\udebf douches, de t\u00e9l\u00e9viseurs \u00e0 \u00e9cran plat, de bureaux, d'un \ud83d\udcf6 WLAN gratuit et d'une atmosph\u00e8re qui invite \u00e0 la d\u00e9tente.","robots":{"index":"index","follow":"follow","max-snippet":"max-snippet:-1","max-image-preview":"max-image-preview:large","max-video-preview":"max-video-preview:-1"},"canonical":"https:\/\/linz-hotel.at\/fr\/chambre-simple\/","og_locale":"fr_FR","og_type":"article","og_title":"R\u00e9server une chambre individuelle \u00e0 Linz \u00e0 l'h\u00f4tel Schwarzer B\u00e4r","og_description":"Nos chambres individuelles disposent de \ud83d\udebf douches, de t\u00e9l\u00e9viseurs \u00e0 \u00e9cran plat, de bureaux, d'un \ud83d\udcf6 WLAN gratuit et d'une atmosph\u00e8re qui invite \u00e0 la d\u00e9tente.","og_url":"https:\/\/linz-hotel.at\/fr\/chambre-simple\/","og_site_name":"Hotel Schwarzer B\u00e4r Linz","article_publisher":"https:\/\/www.facebook.com\/schwarzerbaer","article_published_time":"2023-06-14T10:36:01+00:00","article_modified_time":"2024-02-04T10:56:04+00:00","og_image":[{"width":782,"height":768,"url":"https:\/\/linz-hotel.at\/wp-content\/uploads\/hotel-schwarzer-baer-linz-einzelzimmer-1.jpg","type":"image\/jpeg"}],"author":"roland","twitter_card":"summary_large_image","twitter_misc":{"\u00c9crit par":"roland","Dur\u00e9e de lecture estim\u00e9e":"1 minute"},"schema":{"@context":"https:\/\/schema.org","@graph":[{"@type":"WebPage","@id":"https:\/\/linz-hotel.at\/fr\/chambre-simple\/","url":"https:\/\/linz-hotel.at\/fr\/chambre-simple\/","name":"R\u00e9server une chambre individuelle \u00e0 Linz \u00e0 l'h\u00f4tel Schwarzer B\u00e4r","isPartOf":{"@id":"https:\/\/linz-hotel.at\/fr\/#website"},"primaryImageOfPage":{"@id":"https:\/\/linz-hotel.at\/fr\/chambre-simple\/#primaryimage"},"image":{"@id":"https:\/\/linz-hotel.at\/fr\/chambre-simple\/#primaryimage"},"thumbnailUrl":"https:\/\/linz-hotel.at\/wp-content\/uploads\/hotel-schwarzer-baer-linz-einzelzimmer-1.jpg","datePublished":"2023-06-14T10:36:01+00:00","dateModified":"2024-02-04T10:56:04+00:00","author":{"@id":"https:\/\/linz-hotel.at\/fr\/#\/schema\/person\/58c2446109589a84f6e6c7631f403619"},"description":"Nos chambres individuelles disposent de \ud83d\udebf douches, de t\u00e9l\u00e9viseurs \u00e0 \u00e9cran plat, de bureaux, d'un \ud83d\udcf6 WLAN gratuit et d'une atmosph\u00e8re qui invite \u00e0 la d\u00e9tente.","breadcrumb":{"@id":"https:\/\/linz-hotel.at\/fr\/chambre-simple\/#breadcrumb"},"inLanguage":"fr-FR","potentialAction":[{"@type":"ReadAction","target":["https:\/\/linz-hotel.at\/fr\/chambre-simple\/"]}]},{"@type":"ImageObject","inLanguage":"fr-FR","@id":"https:\/\/linz-hotel.at\/fr\/chambre-simple\/#primaryimage","url":"https:\/\/linz-hotel.at\/wp-content\/uploads\/hotel-schwarzer-baer-linz-einzelzimmer-1.jpg","contentUrl":"https:\/\/linz-hotel.at\/wp-content\/uploads\/hotel-schwarzer-baer-linz-einzelzimmer-1.jpg","width":782,"height":768},{"@type":"BreadcrumbList","@id":"https:\/\/linz-hotel.at\/fr\/chambre-simple\/#breadcrumb","itemListElement":[{"@type":"ListItem","position":1,"name":"Startseite","item":"https:\/\/linz-hotel.at\/fr\/"},{"@type":"ListItem","position":2,"name":"Chambre simple"}]},{"@type":"WebSite","@id":"https:\/\/linz-hotel.at\/fr\/#website","url":"https:\/\/linz-hotel.at\/fr\/","name":"Hotel Schwarzer B\u00e4r Linz","description":"Hotel Schwarzer B\u00e4r Linz","potentialAction":[{"@type":"SearchAction","target":{"@type":"EntryPoint","urlTemplate":"https:\/\/linz-hotel.at\/fr\/?s={search_term_string}"},"query-input":{"@type":"PropertyValueSpecification","valueRequired":true,"valueName":"search_term_string"}}],"inLanguage":"fr-FR"},{"@type":"Person","@id":"https:\/\/linz-hotel.at\/fr\/#\/schema\/person\/58c2446109589a84f6e6c7631f403619","name":"roland","image":{"@type":"ImageObject","inLanguage":"fr-FR","@id":"https:\/\/linz-hotel.at\/fr\/#\/schema\/person\/image\/","url":"https:\/\/secure.gravatar.com\/avatar\/5d1d955f9f427baf1dfdedf650e7189c733a05ba12735dcf25f3d75e505da8d4?s=96&d=mm&r=g","contentUrl":"https:\/\/secure.gravatar.com\/avatar\/5d1d955f9f427baf1dfdedf650e7189c733a05ba12735dcf25f3d75e505da8d4?s=96&d=mm&r=g","caption":"roland"},"sameAs":["https:\/\/linz-hotel.at"],"url":"https:\/\/linz-hotel.at\/fr\/author\/roland\/"}]}},"_links":{"self":[{"href":"https:\/\/linz-hotel.at\/fr\/wp-json\/wp\/v2\/posts\/1386","targetHints":{"allow":["GET"]}}],"collection":[{"href":"https:\/\/linz-hotel.at\/fr\/wp-json\/wp\/v2\/posts"}],"about":[{"href":"https:\/\/linz-hotel.at\/fr\/wp-json\/wp\/v2\/types\/post"}],"author":[{"embeddable":true,"href":"https:\/\/linz-hotel.at\/fr\/wp-json\/wp\/v2\/users\/1"}],"replies":[{"embeddable":true,"href":"https:\/\/linz-hotel.at\/fr\/wp-json\/wp\/v2\/comments?post=1386"}],"version-history":[{"count":3,"href":"https:\/\/linz-hotel.at\/fr\/wp-json\/wp\/v2\/posts\/1386\/revisions"}],"predecessor-version":[{"id":1413,"href":"https:\/\/linz-hotel.at\/fr\/wp-json\/wp\/v2\/posts\/1386\/revisions\/1413"}],"wp:featuredmedia":[{"embeddable":true,"href":"https:\/\/linz-hotel.at\/fr\/wp-json\/wp\/v2\/media\/1388"}],"wp:attachment":[{"href":"https:\/\/linz-hotel.at\/fr\/wp-json\/wp\/v2\/media?parent=1386"}],"wp:term":[{"taxonomy":"category","embeddable":true,"href":"https:\/\/linz-hotel.at\/fr\/wp-json\/wp\/v2\/categories?post=1386"},{"taxonomy":"post_tag","embeddable":true,"href":"https:\/\/linz-hotel.at\/fr\/wp-json\/wp\/v2\/tags?post=1386"}],"curies":[{"name":"wp","href":"https:\/\/api.w.org\/{rel}","templated":true}]}}